{"id":3540,"date":"2026-04-01T10:09:54","date_gmt":"2026-04-01T14:09:54","guid":{"rendered":"https:\/\/www.observador.cl\/legales\/?p=3540"},"modified":"2026-04-01T10:09:54","modified_gmt":"2026-04-01T14:09:54","slug":"citacion-camara-de-turismo-y-comercio-de-olmue-a-g","status":"publish","type":"post","link":"https:\/\/www.observador.cl\/legales\/citacion-camara-de-turismo-y-comercio-de-olmue-a-g\/","title":{"rendered":"Citaci\u00f3n C\u00e1mara de Turismo y Comercio de Olmu\u00e9 A.G."},"content":{"rendered":"<a href=\"https:\/\/www.observador.cl\/legales\/wp-content\/uploads\/2026\/04\/CITACION-CAMARA-DE-TURISMO-y-COMERCIO-DE-OLMUE-A_2026_04_08.pdf\" class=\"pdfemb-viewer\" style=\"\" data-width=\"max\" data-height=\"max\" data-toolbar=\"top\" data-toolbar-fixed=\"off\">CITACION-CAMARA-DE-TURISMO-y-COMERCIO-DE-OLMUE-A_2026_04_08<\/a>","protected":false},"excerpt":{"rendered":"","protected":false},"author":1,"featured_media":0,"comment_status":"closed","ping_status":"closed","sticky":false,"template":"","format":"standard","meta":{"footnotes":""},"categories":[23,1],"tags":[],"_links":{"self":[{"href":"https:\/\/www.observador.cl\/legales\/wp-json\/wp\/v2\/posts\/3540"}],"collection":[{"href":"https:\/\/www.observador.cl\/legales\/wp-json\/wp\/v2\/posts"}],"about":[{"href":"https:\/\/www.observador.cl\/legales\/wp-json\/wp\/v2\/types\/post"}],"author":[{"embeddable":true,"href":"https:\/\/www.observador.cl\/legales\/wp-json\/wp\/v2\/users\/1"}],"replies":[{"embeddable":true,"href":"https:\/\/www.observador.cl\/legales\/wp-json\/wp\/v2\/comments?post=3540"}],"version-history":[{"count":1,"href":"https:\/\/www.observador.cl\/legales\/wp-json\/wp\/v2\/posts\/3540\/revisions"}],"predecessor-version":[{"id":3542,"href":"https:\/\/www.observador.cl\/legales\/wp-json\/wp\/v2\/posts\/3540\/revisions\/3542"}],"wp:attachment":[{"href":"https:\/\/www.observador.cl\/legales\/wp-json\/wp\/v2\/media?parent=3540"}],"wp:term":[{"taxonomy":"category","embeddable":true,"href":"https:\/\/www.observador.cl\/legales\/wp-json\/wp\/v2\/categories?post=3540"},{"taxonomy":"post_tag","embeddable":true,"href":"https:\/\/www.observador.cl\/legales\/wp-json\/wp\/v2\/tags?post=3540"}],"curies":[{"name":"wp","href":"https:\/\/api.w.org\/{rel}","templated":true}]}}